{"id":438,"date":"2010-11-05T11:20:29","date_gmt":"2010-11-05T09:20:29","guid":{"rendered":"http:\/\/bijutierulmeu.ro\/?p=438"},"modified":"2025-01-05T15:08:31","modified_gmt":"2025-01-05T13:08:31","slug":"pomul-vietii-arborele-sefirot","status":"publish","type":"post","link":"https:\/\/bijutierulmeu.ro\/?p=438","title":{"rendered":"Pomul Vietii &#8211; Arborele Sefirotic"},"content":{"rendered":"<p><strong>&#8220;Arborele sefirotic<br \/>\nArborele Sefirotic, Arborele vie\u0163ii, E\u0163 Haim, reprezint\u0103 cele zece ( sefire) emana\u0163ii primordiale din izvorul divin. Configurarea lui nu este \u201estandard\u201d, dar este bine s\u0103 fie respectate anumite principii rezultate din caracteristicile sale.<br \/>\nFiecare sefira con\u0163ine \u00een esen\u0163\u0103 \u00eentregul arbore, partea care con\u0163ine \u00eentregul, principii ce stau la baza unei holograme sau a fractalului (un tipar ce se repet\u0103 similar, la sc\u0103ri diferite).<br \/>\nEste absolut sub\u00een\u0163eles c\u0103 aceste sefire sunt unite toate \u00eentre ele.<\/strong><\/p>\n<p><strong><a href=\"http:\/\/bijutierulmeu.ro\/wp-content\/uploads\/2010\/11\/zohar.jpg\" class=\"gallery_colorbox\"><img loading=\"lazy\" decoding=\"async\" class=\"aligncenter size-medium wp-image-601\" title=\"zohar\" src=\"http:\/\/bijutierulmeu.ro\/wp-content\/uploads\/2010\/11\/zohar-193x300.jpg\"  alt=\"\" width=\"193\" height=\"300\" \/><\/a><\/strong><\/p>\n<p><strong>Una din primele semnifica\u0163ii a Arborelui Sefirotic a fost aceea a lui Adam Kadmon, omul absolut, tiparul dup\u0103 care Dumnezeu a f\u0103cut omul \u201eterestru\u201d.<br \/>\nDac\u0103 cele patru sefire din partea inferioar\u0103 a Arborelui nu sunt unite, Ne\u0163ah (Victoria) cu opusa Hod (Slava) \u015fi fiecare din ele at\u00e2t cu cea de la mijloc Yesod (Temelia) c\u00e2t \u015fi cu Malkhut (Lumea noastr\u0103 p\u0103m\u00e2ntean\u0103) se poate da o interpretare \u201enefericit\u0103\u201d \u00een sensul c\u0103 Yesod (Temelia) av\u00e2nd clar semnifica\u0163ia falusului lui Adam Kadmon, \u00eensemn\u0103 c\u0103 Ne\u0163ah (Victoria) \u015fi Hod (Slava) nu mai au acces \u00een lumea noastr\u0103 dec\u00e2t prin acest falus.<br \/>\nEste practic o reprezentare din Sefer ha-bahir ( Cartea str\u0103lucirii) una din primele scrieri despre Cabala, a celor zece sefire, care aici sunt numite maamarot, reprezent\u00e2nd de fapt tot cele zece emana\u0163ii primordiale din izvorul divin.<\/strong><\/p>\n<p><strong><a href=\"http:\/\/bijutierulmeu.ro\/wp-content\/uploads\/2010\/11\/bahir1.jpg\" class=\"gallery_colorbox\"><img loading=\"lazy\" decoding=\"async\" class=\"aligncenter size-medium wp-image-603\" title=\"bahir\" src=\"http:\/\/bijutierulmeu.ro\/wp-content\/uploads\/2010\/11\/bahir1-193x300.jpg\"  alt=\"\" width=\"193\" height=\"300\" \/><\/a><br \/>\nExist\u0103 o asemenea configura\u0163ie, este foarte rar\u0103, dar fiecare este liber s\u0103 judece&#8230;aproape \u00een toate celelalte configura\u0163ii, absolut toate sefirele sunt legate \u00eentre ele, chiar \u015fi acelea care presupun dispunerea sefirelor ca zece sfere una \u00eentr-alta au puncte de leg\u0103tur\u0103 \u00eentre ele, astfel c\u0103 se poate \u201etrece\u201d dintr-una \u00een toate celelalte.<br \/>\n\u00cen Evul Mediu, cabala , \u00eenv\u0103\u0163\u0103tura exclusive oral\u0103 a fost transpus\u0103 pe h\u00e2rtie, apoi fundamentat\u0103, teoretizat\u0103 ap\u0103r\u00e2nd Sefer Ha-Zohar ( Cartea splendorii) de unde \u015fi E\u0163 haim (Arborele vie\u0163ii).<br \/>\nReferitor la culori nu exist\u0103 nici o specifica\u0163ie clar\u0103, ce culoare ar trebui s\u0103 aib\u0103 cutare sefir\u0103, dar ne putem ghida dup\u0103 principiul de baz\u0103 al acestui Arbore \u015fi anume p\u0103r\u0163ile laterale opuse (fiecare con\u0163in\u00e2nd trei sefire) reprezint\u0103 opozi\u0163ia dintre elementul masculin \u015fi cel feminin echilibrat\u0103 prin partea central\u0103 (compus\u0103 din patru sefire) \u015fi-atunci pentru elemetul masculin se pot alege culori mai grave, reci chiar dure, pentrul elementul feminin culori mai calde, deschise, iar pentru linia central\u0103 culori ob\u0163inute din combina\u0163ii pentru a sugera echilibru.<br \/>\nPentru a se evita idolatria \u00een religia iudaic\u0103 nu exist\u0103 elemente grafice de sacralitate, pot fi considerate \u00eens\u0103 instrumente de cult \u015fi cu at\u00e2t mai pu\u0163in \u00een cabala al c\u0103rei simbol este acest Arbore.<br \/>\nTrebuie \u015ftiut c\u0103 despre cabala nu se spune nimic \u00een Talmud, uneori este chiar comb\u0103tut\u0103, dar asta nu a \u00eempiedicat ca unii din cei mai de seam\u0103 rabini s\u0103 o \u00eembr\u0103\u0163i\u015feze, iar al\u0163ii s-o combat\u0103.<\/strong><strong> \u201eControversa\u201d ca principiu, este un specific al culturii iudaice, exist\u00e2nd controverse \u00eentre \u00eenv\u0103\u0163a\u0163i unele chiar de mii de ani ce nu s-au stins nici acum, toat\u0103 lumea \u00eens\u0103 fiind de acord c\u0103 aceste \u201edezbateri\u201d sunt de fapt un important motor pentru a nu se pierde credin\u0163a, dac\u0103 lucrurile sunt b\u0103tute \u00een cuie lipsindu-le dinamica probabil c\u0103 totul devine o dogm\u0103 mai mult sau mai pu\u0163in goal\u0103&#8230;<\/strong><\/p>\n<p><strong><a href=\"http:\/\/bijutierulmeu.ro\/wp-content\/uploads\/2010\/11\/color.jpg\" class=\"gallery_colorbox\"><img loading=\"lazy\" decoding=\"async\" class=\"aligncenter size-medium wp-image-605\" title=\"color\" src=\"http:\/\/bijutierulmeu.ro\/wp-content\/uploads\/2010\/11\/color-211x300.jpg\"  alt=\"\" width=\"211\" height=\"300\" \/><\/a><br \/>\n<\/strong><\/p>\n<p><strong>Se desprinde o\u00a0 major\u0103 concluzie : <\/strong><strong><em>maamarot <\/em>din <\/strong><strong><em>Sefer ha-Bahir<\/em> altfel sunt privite fa\u0163\u0103 de <\/strong><strong><em>sephirot<\/em> (pluralul de la <\/strong><strong><em>sephira<\/em>), de aceea apare configura\u0163ia lui <\/strong><strong><em>Adam Kadmon<\/em> diferit\u0103 fa\u0163\u0103 de \u201eclasica\u201d reprezentare a lui<\/strong><strong><em> E\u0163 Haim<\/em> (arborele vie\u0163ii).<\/strong><\/p>\n<p><strong>Rela\u0163ionarea cabalei iudaice cu cea cre\u015ftin\u0103 se face, \u00een primul r\u00e2nd, prin cele 9 ceruri ale lui Enoh (accep\u0163ia canonic\u0103 fiind de 7) plus <\/strong><strong><em>Kether<\/em>, (<\/strong><strong><em>sephira <\/em>coroanei divinit\u0103\u0163ii), reg\u0103sindu-se organizarea lumii superioare \u00een <\/strong><strong><em>Malkhut<\/em>(lumea p\u0103m\u00e2ntean\u0103).<\/strong><\/p>\n<p><strong>Cum \u00een <\/strong><strong><em>Cabala<\/em> complementarea este un principiu fundamental, apare implicit\u0103 \u015fi complementarea celor doi \u201eArbori\u201d subliniind astfel un alt principiu fundamental, cel antropic potrivit c\u0103ruia lumea a fost creat\u0103 pentru om, iar omul a fost creat pentru lume.<\/strong><\/p>\n<p><strong>Guy Casaril spune :\u201d<\/strong><strong><em>Fiecare <\/em><\/strong><strong><em>element nu devine, astfel, el \u00eensu\u015fi dec\u00e2t \u00een <\/em><\/strong><strong><em>func\u0163ie de ansamblu\u201d<\/em><em>,<\/em>\u00eent\u0103rind astfel faptul c\u0103 totul \u00een univers este conectat, iar pentru a ilustra universalitatea oferim un citat din <\/strong><strong>Mohyiddin ibn Arabi ce spune: <sub>\u201e<\/sub><\/strong><strong><em>Inima mea <\/em><\/strong><strong><em>a devenit \u00een stare de orice form\u0103; este o p\u0103\u015fune pentru gazele \u015fi o <\/em><\/strong><strong><em>m\u00e2n\u0103stire pentru c\u0103lug\u0103rii cre\u015ftini, \u015fi un templu pentru idoli, \u015fi Kaaba <\/em><\/strong><strong><em>pentru pelerin, \u015fi masa pentru Tora \u015fi cartea Coranului. Eu sunt <\/em><\/strong><strong><em>religia Dragostei, orice drum ar lua c\u0103milele sale; religia \u015fi credin\u0163a <\/em><\/strong><strong><em>mea sunt adev\u0103rata religie.&#8221;<\/em> &#8211;<\/strong> <em><strong>citat<\/strong><\/em>.<\/p>\n<p>Venind in intampinarea dorintei, intrebarilor si chiar indemnurilor multora dintre dumneavoastra care ne-ati contactat aici, in sait, ori telefonic, va prezentam modelul creat de noi:<\/p>\n<p><strong>Arborele sefirotic &#8211;<br \/>\n<\/strong><\/p>\n<p><img loading=\"lazy\" decoding=\"async\" class=\"aligncenter size-large wp-image-2212\" src=\"http:\/\/bijutierulmeu.ro\/wp-content\/uploads\/2010\/11\/arborele-sefirotic-768x1024.jpeg\" alt=\"\" width=\"604\" height=\"805\" srcset=\"https:\/\/bijutierulmeu.ro\/wp-content\/uploads\/2010\/11\/arborele-sefirotic-768x1024.jpeg 768w, https:\/\/bijutierulmeu.ro\/wp-content\/uploads\/2010\/11\/arborele-sefirotic-225x300.jpeg 225w, https:\/\/bijutierulmeu.ro\/wp-content\/uploads\/2010\/11\/arborele-sefirotic-1152x1536.jpeg 1152w, https:\/\/bijutierulmeu.ro\/wp-content\/uploads\/2010\/11\/arborele-sefirotic.jpeg 1536w\" sizes=\"(max-width: 604px) 100vw, 604px\" \/><\/p>\n<p><strong>Pret 280 de lei<br \/>\n<\/strong><\/p>\n<p>Alte detalii privind programul magazinului si contact gasiti in sectiunea <a title=\"AICI\" href=\"http:\/\/bijutierulmeu.ro\/?page_id=585\"><strong>About.<\/strong><\/a><\/p>\n","protected":false},"excerpt":{"rendered":"<p>&#8220;Arborele sefirotic Arborele Sefirotic, Arborele vie\u0163ii, E\u0163 Haim, reprezint\u0103 cele zece ( sefire) emana\u0163ii primordiale din izvorul divin. Configurarea lui nu este \u201estandard\u201d, dar este bine s\u0103 fie respectate anumite principii rezultate din caracteristicile sale. Fiecare sefira con\u0163ine \u00een esen\u0163\u0103 \u00eentregul arbore, partea care con\u0163ine \u00eentregul, principii ce stau la baza unei holograme sau a &hellip; <a href=\"https:\/\/bijutierulmeu.ro\/?p=438\" class=\"more-link\">Continue reading <span class=\"screen-reader-text\">Pomul Vietii &#8211; Arborele Sefirotic<\/span> <span class=\"meta-nav\">&rarr;<\/span><\/a><\/p>\n","protected":false},"author":1,"featured_media":0,"comment_status":"open","ping_status":"open","sticky":false,"template":"","format":"standard","meta":{"footnotes":""},"categories":[1],"tags":[],"class_list":["post-438","post","type-post","status-publish","format-standard","hentry","category-fara-categorie"],"aioseo_notices":[],"_links":{"self":[{"href":"https:\/\/bijutierulmeu.ro\/index.php?rest_route=\/wp\/v2\/posts\/438"}],"collection":[{"href":"https:\/\/bijutierulmeu.ro\/index.php?rest_route=\/wp\/v2\/posts"}],"about":[{"href":"https:\/\/bijutierulmeu.ro\/index.php?rest_route=\/wp\/v2\/types\/post"}],"author":[{"embeddable":true,"href":"https:\/\/bijutierulmeu.ro\/index.php?rest_route=\/wp\/v2\/users\/1"}],"replies":[{"embeddable":true,"href":"https:\/\/bijutierulmeu.ro\/index.php?rest_route=%2Fwp%2Fv2%2Fcomments&post=438"}],"version-history":[{"count":4,"href":"https:\/\/bijutierulmeu.ro\/index.php?rest_route=\/wp\/v2\/posts\/438\/revisions"}],"predecessor-version":[{"id":2214,"href":"https:\/\/bijutierulmeu.ro\/index.php?rest_route=\/wp\/v2\/posts\/438\/revisions\/2214"}],"wp:attachment":[{"href":"https:\/\/bijutierulmeu.ro\/index.php?rest_route=%2Fwp%2Fv2%2Fmedia&parent=438"}],"wp:term":[{"taxonomy":"category","embeddable":true,"href":"https:\/\/bijutierulmeu.ro\/index.php?rest_route=%2Fwp%2Fv2%2Fcategories&post=438"},{"taxonomy":"post_tag","embeddable":true,"href":"https:\/\/bijutierulmeu.ro\/index.php?rest_route=%2Fwp%2Fv2%2Ftags&post=438"}],"curies":[{"name":"wp","href":"https:\/\/api.w.org\/{rel}","templated":true}]}}